{"id":2955,"date":"2024-04-26T15:54:22","date_gmt":"2024-04-26T15:54:22","guid":{"rendered":"https:\/\/congresgestiosanitaria.com\/?p=2955"},"modified":"2024-04-29T11:43:25","modified_gmt":"2024-04-29T11:43:25","slug":"el-congreso-catalan-de-gestion-clinica-y-sanitaria-vuelve-del-21-al-22-de-noviembre-en-sitges","status":"publish","type":"post","link":"https:\/\/congresgestiosanitaria.com\/es\/2024\/04\/el-congreso-catalan-de-gestion-clinica-y-sanitaria-vuelve-del-21-al-22-de-noviembre-en-sitges\/","title":{"rendered":"El Congreso Catal\u00e1n de Gesti\u00f3n Cl\u00ednica y Sanitaria vuelve del 21 al 22 de noviembre en Sitges"},"content":{"rendered":"\n<p>El II Congreso Catal\u00e1n de Gesti\u00f3n Cl\u00ednica y Sanitaria vuelve los d\u00edas 21 y 22 de noviembre en el Hotel Meli\u00e1 de Sitges (Barcelona) con el objetivo de consolidarse como un espacio de encuentro de la gesti\u00f3n sanitaria catalana, que aporta una visi\u00f3n transversal y que re\u00fane a profesionales de todos los \u00e1mbitos de la gesti\u00f3n y de distintos niveles asistenciales.<\/p>\n\n\n\n<p>El congreso, organizado por la Sociedad Catalana de Gesti\u00f3n Sanitaria, espera supera el \u00e9xito obtenido en su primera edici\u00f3n, que logr\u00f3 atraer a m\u00e1s de 900 asistentes y lograr el apoyo de una amplia representaci\u00f3n de instituciones, organizaciones sanitarias y sociedades cient\u00edficas interesadas por el alto nivel de sus conferencias y debates.<\/p>\n\n\n\n<p>El contenido cient\u00edfico de este a\u00f1o se centrar\u00e1 en seis ejes tem\u00e1ticos basados en la transformaci\u00f3n del modelo, la avaluaci\u00f3n sanitaria basada en el valor, el liderazgo profesional, la digitalizaci\u00f3n de las organizaciones y la Inteligencia Artificial, la sostenibilidad ambiental y la gobernanza del sistema y de las organizaciones.\u00a0<\/p>\n","protected":false},"excerpt":{"rendered":"<p>El II Congreso Catal\u00e1n de Gesti\u00f3n Cl\u00ednica y Sanitaria vuelve los d\u00edas 21 y 22 de noviembre en el Hotel Meli\u00e1 de Sitges (Barcelona) con el objetivo de consolidarse como un espacio de encuentro de la gesti\u00f3n sanitaria catalana, que aporta una visi\u00f3n transversal y que re\u00fane a profesionales de todos los \u00e1mbitos de la [&hellip;]<\/p>\n","protected":false},"author":2,"featured_media":3028,"comment_status":"open","ping_status":"open","sticky":false,"template":"","format":"standard","meta":{"_acf_changed":false,"inline_featured_image":false,"footnotes":""},"categories":[6],"tags":[],"class_list":["post-2955","post","type-post","status-publish","format-standard","has-post-thumbnail","hentry","category-sin-categorizar"],"acf":[],"_links":{"self":[{"href":"https:\/\/congresgestiosanitaria.com\/es\/wp-json\/wp\/v2\/posts\/2955","targetHints":{"allow":["GET"]}}],"collection":[{"href":"https:\/\/congresgestiosanitaria.com\/es\/wp-json\/wp\/v2\/posts"}],"about":[{"href":"https:\/\/congresgestiosanitaria.com\/es\/wp-json\/wp\/v2\/types\/post"}],"author":[{"embeddable":true,"href":"https:\/\/congresgestiosanitaria.com\/es\/wp-json\/wp\/v2\/users\/2"}],"replies":[{"embeddable":true,"href":"https:\/\/congresgestiosanitaria.com\/es\/wp-json\/wp\/v2\/comments?post=2955"}],"version-history":[{"count":5,"href":"https:\/\/congresgestiosanitaria.com\/es\/wp-json\/wp\/v2\/posts\/2955\/revisions"}],"predecessor-version":[{"id":3026,"href":"https:\/\/congresgestiosanitaria.com\/es\/wp-json\/wp\/v2\/posts\/2955\/revisions\/3026"}],"wp:featuredmedia":[{"embeddable":true,"href":"https:\/\/congresgestiosanitaria.com\/es\/wp-json\/wp\/v2\/media\/3028"}],"wp:attachment":[{"href":"https:\/\/congresgestiosanitaria.com\/es\/wp-json\/wp\/v2\/media?parent=2955"}],"wp:term":[{"taxonomy":"category","embeddable":true,"href":"https:\/\/congresgestiosanitaria.com\/es\/wp-json\/wp\/v2\/categories?post=2955"},{"taxonomy":"post_tag","embeddable":true,"href":"https:\/\/congresgestiosanitaria.com\/es\/wp-json\/wp\/v2\/tags?post=2955"}],"curies":[{"name":"wp","href":"https:\/\/api.w.org\/{rel}","templated":true}]}}